{"id":2112,"date":"2022-10-29T13:41:33","date_gmt":"2022-10-29T11:41:33","guid":{"rendered":"https:\/\/csf.ensma.fr\/?p=2112"},"modified":"2023-06-20T13:56:50","modified_gmt":"2023-06-20T11:56:50","slug":"la-jass-2022","status":"publish","type":"post","link":"https:\/\/csf.ensma.fr\/?p=2112","title":{"rendered":"La JASS 2022"},"content":{"rendered":"<div class=\"wp-block-image\">\n<figure class=\"alignleft size-full is-resized\"><img decoding=\"async\" loading=\"lazy\" src=\"https:\/\/csf.ensma.fr\/wp-content\/uploads\/2023\/06\/DSC08885.jpg\" alt=\"\" class=\"wp-image-2113\" width=\"158\" height=\"237\" srcset=\"https:\/\/csf.ensma.fr\/wp-content\/uploads\/2023\/06\/DSC08885.jpg 590w, https:\/\/csf.ensma.fr\/wp-content\/uploads\/2023\/06\/DSC08885-200x300.jpg 200w\" sizes=\"(max-width: 158px) 100vw, 158px\" \/><\/figure><\/div>\n\n\n<p><\/p>\n\n\n\n<p>La JASS (Journ\u00e9e Annuelle Solidaire et Sportive) a eu lieu le samedi 22 octobre 2023. Organis\u00e9 par le Club Sans Fronti\u00e8res afin de r\u00e9colter des dons pour les <strong>Restos du C\u0153ur<\/strong>.  Pour cela, une participation \u00e0 la journ\u00e9e de deux euros \u00e9tait demand\u00e9 aux \u00e9tudiants. Lors de cette journ\u00e9e, plusieurs activit\u00e9s ont \u00e9t\u00e9 organis\u00e9es.<\/p>\n\n\n\n<div style=\"height:41px\" aria-hidden=\"true\" class=\"wp-block-spacer\"><\/div>\n\n\n\n<p>La <strong>Color Run <\/strong>organis\u00e9e par le CSF a regroup\u00e9 une trentaine de participants qui ont couru les cinq kilom\u00e8tres trac\u00e9s par le club.\u00a0<\/p>\n\n\n<div class=\"wp-block-image\">\n<figure class=\"aligncenter size-large is-resized\"><img decoding=\"async\" loading=\"lazy\" src=\"https:\/\/csf.ensma.fr\/wp-content\/uploads\/2023\/06\/DSC08898-1024x683.jpg\" alt=\"\" class=\"wp-image-2114\" width=\"434\" height=\"288\"\/><figcaption class=\"wp-element-caption\">Le d\u00e9part de la Color Run<\/figcaption><\/figure><\/div>\n\n\n<p>La journ\u00e9e s\u2019est ensuite poursuivie avec un <strong>tournoi d\u2019Ultimate<\/strong> organis\u00e9 par le Bureau des sports qui a regroup\u00e9 une trentaine de personnes. Pour finir, le Bureau des \u00e9l\u00e8ves a mis en place un <strong>barbecue<\/strong> qui a \u00e9t\u00e9 accompagn\u00e9 de la fanfare de l&#8217;\u00e9cole, la Fansmare.<\/p>\n\n\n<div class=\"wp-block-image\">\n<figure class=\"aligncenter size-large is-resized\"><img decoding=\"async\" loading=\"lazy\" src=\"https:\/\/csf.ensma.fr\/wp-content\/uploads\/2023\/06\/DSC09424-Panorama-1024x465.jpg\" alt=\"\" class=\"wp-image-2115\" width=\"497\" height=\"225\"\/><figcaption class=\"wp-element-caption\">Les \u00e9l\u00e8ves ayant particip\u00e9s au tournoi<\/figcaption><\/figure><\/div>\n\n<div class=\"wp-block-image\">\n<figure class=\"alignleft size-full is-resized\"><img decoding=\"async\" loading=\"lazy\" src=\"https:\/\/csf.ensma.fr\/wp-content\/uploads\/2023\/06\/564_view-1.png\" alt=\"\" class=\"wp-image-2116\" width=\"242\" height=\"160\" srcset=\"https:\/\/csf.ensma.fr\/wp-content\/uploads\/2023\/06\/564_view-1.png 900w, https:\/\/csf.ensma.fr\/wp-content\/uploads\/2023\/06\/564_view-1-300x200.png 300w, https:\/\/csf.ensma.fr\/wp-content\/uploads\/2023\/06\/564_view-1-768x512.png 768w\" sizes=\"(max-width: 242px) 100vw, 242px\" \/><\/figure><\/div>\n\n\n<p>\u00a0 <\/p>\n\n\n\n<p>Cet \u00e9v\u00e8nement a permis de r\u00e9colter <strong>400 euros <\/strong>pour les Restos du C\u0153ur. Le journal La Nouvelle R\u00e9publique a repris l\u2019information en publiant un article sur les \u00e9tudiants engag\u00e9s \u00e0 l\u2019ENSMA le 30 mai 2023.<\/p>\n\n\n\n<p><\/p>\n\n\n\n<p>Nous remercions encore les associations qui nous ont aid\u00e9 \u00e0 la mise en place de cette journ\u00e9e et qui ont particip\u00e9 \u00e0 son bon fonctionnement ! Nous remercions aussi tous les \u00e9tudiants motiv\u00e9s qui ont particip\u00e9s aux diff\u00e9rentes activit\u00e9s !<\/p>\n\n\n\n<p>Cette journ\u00e9e \u00e0 initi\u00e9 la cr\u00e9ation de la\u00a0<em><a href=\"https:\/\/csf.ensma.fr\/?page_id=835\" target=\"_blank\" rel=\"noreferrer noopener\">Journ\u00e9e Annuelle Solidaire et Sportive (JASS)<\/a><\/em>\u00a0qui reprendra ce concept chaque ann\u00e9e pour aider une association diff\u00e9rente.<br>Plus d\u2019informations sur cette journ\u00e9e :\u00a0<a href=\"https:\/\/csf.ensma.fr\/?page_id=835\">cliquez ici<\/a>.<\/p>\n\n\n\n<p class=\"has-text-align-right\"><em>Le Club Sans Fronti\u00e8res<\/em><\/p>\n","protected":false},"excerpt":{"rendered":"<p>La JASS (Journ\u00e9e Annuelle Solidaire et Sportive) a eu lieu le samedi 22 octobre 2023. Organis\u00e9 par le Club Sans Fronti\u00e8res afin de r\u00e9colter des dons pour les Restos du C\u0153ur. Pour cela, une participation \u00e0 la journ\u00e9e de deux <a class=\"more-link\" href=\"https:\/\/csf.ensma.fr\/?p=2112\">En savoir plus&#8230;<\/a><\/p>\n","protected":false},"author":14,"featured_media":2114,"comment_status":"open","ping_status":"open","sticky":false,"template":"","format":"standard","meta":{"_mi_skip_tracking":false,"_monsterinsights_sitenote_active":false,"_monsterinsights_sitenote_note":"","_monsterinsights_sitenote_category":0},"categories":[27],"tags":[],"table_tags":[],"aioseo_notices":[],"_links":{"self":[{"href":"https:\/\/csf.ensma.fr\/index.php?rest_route=\/wp\/v2\/posts\/2112"}],"collection":[{"href":"https:\/\/csf.ensma.fr\/index.php?rest_route=\/wp\/v2\/posts"}],"about":[{"href":"https:\/\/csf.ensma.fr\/index.php?rest_route=\/wp\/v2\/types\/post"}],"author":[{"embeddable":true,"href":"https:\/\/csf.ensma.fr\/index.php?rest_route=\/wp\/v2\/users\/14"}],"replies":[{"embeddable":true,"href":"https:\/\/csf.ensma.fr\/index.php?rest_route=%2Fwp%2Fv2%2Fcomments&post=2112"}],"version-history":[{"count":1,"href":"https:\/\/csf.ensma.fr\/index.php?rest_route=\/wp\/v2\/posts\/2112\/revisions"}],"predecessor-version":[{"id":2117,"href":"https:\/\/csf.ensma.fr\/index.php?rest_route=\/wp\/v2\/posts\/2112\/revisions\/2117"}],"wp:featuredmedia":[{"embeddable":true,"href":"https:\/\/csf.ensma.fr\/index.php?rest_route=\/wp\/v2\/media\/2114"}],"wp:attachment":[{"href":"https:\/\/csf.ensma.fr\/index.php?rest_route=%2Fwp%2Fv2%2Fmedia&parent=2112"}],"wp:term":[{"taxonomy":"category","embeddable":true,"href":"https:\/\/csf.ensma.fr\/index.php?rest_route=%2Fwp%2Fv2%2Fcategories&post=2112"},{"taxonomy":"post_tag","embeddable":true,"href":"https:\/\/csf.ensma.fr\/index.php?rest_route=%2Fwp%2Fv2%2Ftags&post=2112"},{"taxonomy":"table_tags","embeddable":true,"href":"https:\/\/csf.ensma.fr\/index.php?rest_route=%2Fwp%2Fv2%2Ftable_tags&post=2112"}],"curies":[{"name":"wp","href":"https:\/\/api.w.org\/{rel}","templated":true}]}}